{"id":10846,"date":"2025-11-26T13:40:13","date_gmt":"2025-11-26T12:40:13","guid":{"rendered":"https:\/\/ignasicorella.com\/tallers-de-percussio-per-a-empreses\/"},"modified":"2025-11-28T16:45:01","modified_gmt":"2025-11-28T15:45:01","slug":"talleres-de-percusion-para-empresas","status":"publish","type":"post","link":"https:\/\/ignasicorella.com\/es\/talleres-de-percusion-para-empresas\/","title":{"rendered":"Talleres de percusi\u00f3n para empresas: una experiencia transformadora para equipos grandes"},"content":{"rendered":"<p>Como <strong>Ignasi Corella<\/strong>, m\u00fasico y facilitador de ritmo, he trabajado con diversas organizaciones y empresas para llevar talleres de percusi\u00f3n que no solo son divertidos, sino tambi\u00e9n muy efectivos para el desarrollo de equipo, la motivaci\u00f3n y el bienestar. En este art\u00edculo te explico por qu\u00e9 apostar por <em>talleres percusi\u00f3n empresas<\/em> puede ser una de las mejores inversiones para tu empresa y qu\u00e9 beneficios reales aporta.<\/p>\n<h2>\u00bfPor qu\u00e9 las empresas eligen talleres de percusi\u00f3n?<\/h2>\n<p>Los talleres de percusi\u00f3n son mucho m\u00e1s que una actividad l\u00fadica. Permiten crear un espacio seguro, igualitario y colaborativo, donde todos los participantes pueden expresarse sin necesidad de tener experiencia musical. Esta pr\u00e1ctica ha demostrado aportar beneficios clave para las organizaciones.<\/p>\n<ul>\n<li><a href=\"https:\/\/ignasicorella.com\/es\/team-building-musical-para-mejorar-comunicacion\/\"><strong>Mejora de la comunicaci\u00f3n y la colaboraci\u00f3n<\/strong><\/a>: Los participantes deben escucharse entre ellos, sincronizarse y adaptarse al ritmo com\u00fan. Esto potencia la comunicaci\u00f3n no verbal, la empat\u00eda y la escucha activa.<\/li>\n<li><strong><a href=\"https:\/\/ignasicorella.com\/es\/musica-y-estres-como-ritmo-ayuda-recuperar-equilibrio-emocional\/\">Reducci\u00f3n del estr\u00e9s<\/a> y <a href=\"https:\/\/ignasicorella.com\/es\/talleres-de-percusion-para-el-bienestar-emocional\/\">mejora del bienestar<\/a><\/strong>: Tocar percusi\u00f3n puede disminuir los niveles de cortisol (la hormona del estr\u00e9s) y generar una sensaci\u00f3n de relajaci\u00f3n mental.<\/li>\n<li><strong>Creatividad e innovaci\u00f3n<\/strong>: Los talleres permiten improvisar ritmos y explorar nuevas ideas; esto hace que los equipos piensen \u201cout of the box\u201d (fuera de la caja) y aporten soluciones desde la creatividad.<\/li>\n<li><strong>Construcci\u00f3n de confianza y liderazgo<\/strong>: En algunos ejercicios, los participantes pueden guiar al grupo o asumir el rol de l\u00edder r\u00edtmico, lo que ayuda a identificar personas con capacidad de liderazgo.<\/li>\n<li><strong>Inclusi\u00f3n e igualdad<\/strong>: No importa el cargo, la edad o la habilidad musical: todos est\u00e1n al mismo nivel dentro del c\u00edrculo. Esto ayuda a romper jerarqu\u00edas y barreras internas.<\/li>\n<li><strong>Salud f\u00edsica y emocional<\/strong>: Adem\u00e1s de liberar tensi\u00f3n, tocar percusi\u00f3n es una actividad f\u00edsica que puede equivaler a ejercicio moderado, y fomenta un sentimiento de comunidad.<\/li>\n<\/ul>\n<h2>Beneficios demostrados por la ciencia y experiencias reales<\/h2>\n<p>Los talleres de percusi\u00f3n para empresas no son solo una idea creativa: tambi\u00e9n tienen base cient\u00edfica y resultados medibles. Por ejemplo, un estudio realizado en Jap\u00f3n demostr\u00f3 que un programa de formaci\u00f3n basado en c\u00edrculos de tambores aument\u00f3 la confianza entre los miembros del equipo, la creatividad y la inteligencia emocional.<\/p>\n<p>Adem\u00e1s, seg\u00fan investigaciones sobre bienestar, tocar percusi\u00f3n en grupo puede estimular el sistema inmunitario y reducir la ansiedad. Empresas reconocidas ya utilizan esta t\u00e9cnica.<\/p>\n<p>Si quieres profundizar en c\u00f3mo la m\u00fasica y, concretamente, la <strong>percusi\u00f3n corporal<\/strong> pueden contribuir al bienestar y al rendimiento de los equipos de trabajo, te recomiendo este documento de <span class=\"hover:entity-accent entity-underline inline cursor-pointer align-baseline\"><span class=\"whitespace-normal\">Metges de Catalunya<\/span><\/span>. En este estudio se describen con detalle los efectos emocionales y fisiol\u00f3gicos de la percusi\u00f3n corporal, lo que da soporte cient\u00edfico al hecho de que los talleres corporativos como los que ofrecemos transformen no solo el ambiente, sino tambi\u00e9n la salud y la eficacia de los participantes.<br \/>\n<a class=\"decorated-link\" href=\"https:\/\/metgesdecatalunya.cat\/uploaded\/File\/Documentacio\/Musicoterapia2019.pdf?utm_source=chatgpt.com\" target=\"_blank\" rel=\"noopener\">Accede aqu\u00ed<\/a><\/p>\n<h2>\u00bfC\u00f3mo enfoco yo los talleres para grandes empresas?<\/h2>\n<p>Cuando trabajo con una gran empresa, dise\u00f1o los talleres teniendo en cuenta diversos factores para adaptarlos a los objetivos del equipo:<\/p>\n<ol>\n<li><strong>Diagn\u00f3stico previo<\/strong>: Hablo con el equipo directivo o con RR. HH. para entender qu\u00e9 quieren conseguir (mejorar cohesi\u00f3n, reducir estr\u00e9s, fomentar creatividad, preparar un evento, celebrar un \u00e9xito\u2026).<\/li>\n<li><strong>Duraci\u00f3n y formato personalizado<\/strong>: El taller puede ser una actividad corta para romper el hielo, una ma\u00f1ana completa o incluso un evento de todo el d\u00eda. Tambi\u00e9n adapto el tipo de instrumentos seg\u00fan el espacio y el tama\u00f1o del grupo.<\/li>\n<li><strong>Facilitaci\u00f3n profesional<\/strong>: Yo mismo modero la sesi\u00f3n, introduciendo ejercicios de ritmo accesibles (sin necesidad de experiencia musical) y din\u00e1micas de grupo para que todos participen activamente.<\/li>\n<li><strong>Momento de reflexi\u00f3n (debrief)<\/strong>: Despu\u00e9s de la actividad, es casi esencial hacer una sesi\u00f3n de puesta en com\u00fan para hablar de c\u00f3mo se ha experimentado el ritmo, qu\u00e9 conexiones se han creado y c\u00f3mo trasladar estas sensaciones y aprendizajes al lugar de trabajo.<\/li>\n<li><strong>Seguimiento opcional<\/strong>: Se puede hacer un mini taller posterior, integrar pausas r\u00edtmicas en otras formaciones o incluso crear tradiciones de ritmo dentro de la empresa (por ejemplo, hacer una peque\u00f1a sesi\u00f3n de percusi\u00f3n en reuniones especiales).<\/li>\n<\/ol>\n<h2>\u00bfQu\u00e9 tipos de talleres de percusi\u00f3n ofrezco (algunos ejemplos)?<\/h2>\n<p>A trav\u00e9s de mi amplia experiencia con actividades de ritmo, puedo ofrecer diversos formatos seg\u00fan el objetivo de la empresa. Algunas de las actividades relevantes que ofrecemos:<\/p>\n<ul>\n<li><a href=\"https:\/\/ignasicorella.com\/es\/activitat\/corella-music-experience\/\">Corella Music Experience<\/a>: un taller inmersivo donde combinamos ritmo, cuerpo y m\u00fasica para crear un espacio transformador.<\/li>\n<li><a href=\"https:\/\/ignasicorella.com\/es\/activitat\/boomwhackers\/\">Boomwhackers<\/a>: utilizamos estos tubos afinados para crear melod\u00edas r\u00edtmicas, una manera original y divertida de trabajar la cooperaci\u00f3n y la armon\u00eda.<\/li>\n<li><a href=\"https:\/\/ignasicorella.com\/es\/activitat\/percusion-corporal\/\">Percusi\u00f3n corporal<\/a>: sin instrumentos, solo con el cuerpo, explorando ritmos con manos, pies y respiraci\u00f3n; ideal para introspecci\u00f3n y conexi\u00f3n interna.<\/li>\n<\/ul>\n<p>Estos formatos pueden adaptarse para talleres corporativos y podemos combinarlos o ajustar la duraci\u00f3n seg\u00fan lo que necesite la empresa.<\/p>\n<h2>\u00bfCu\u00e1ndo es especialmente recomendable hacer un taller de percusi\u00f3n en la empresa?<\/h2>\n<p>Hay diversos momentos en los que un taller de percusi\u00f3n corporativo puede tener un impacto muy alto:<\/p>\n<ul>\n<li>En eventos de team building o retiros anuales<\/li>\n<li>Cuando la empresa quiere celebrar un \u00e9xito o un lanzamiento importante<\/li>\n<li>Para mejorar el bienestar y reducir el estr\u00e9s en equipos con alta carga de trabajo<\/li>\n<li>Cuando se quiere integrar nuevo personal y fomentar la cohesi\u00f3n desde el principio<\/li>\n<li>Como parte de un plan de formaci\u00f3n en liderazgo o gesti\u00f3n de equipos<\/li>\n<\/ul>\n<p>&nbsp;<\/p>\n<h2>Caso pr\u00e1ctico: transformaci\u00f3n de equipo con ritmo<\/h2>\n<p>En octubre tuve el placer de conducir una sesi\u00f3n de <a href=\"https:\/\/ignasicorella.com\/es\/activitat\/corella-music-experience\/\">Corella Music Experience<\/a> en Sitges con el equipo europeo de ChromaScape, una empresa estadounidense especializada en colorantes y aditivos. Fue un encuentro \u00fanico, donde pude comprobar de primera mano c\u00f3mo el ritmo puede convertirse en una herramienta poderosa para reforzar la cohesi\u00f3n interna de un equipo internacional.<\/p>\n<p>La sesi\u00f3n comenz\u00f3 con un ejercicio sencillo de percusi\u00f3n corporal, ideal para romper el hielo y reconectar con el cuerpo despu\u00e9s de semanas de viajes, reuniones y teletrabajo.<\/p>\n<p>Este trabajo conjunto gener\u00f3 una energ\u00eda vibrante y muy aut\u00e9ntica: igual que los pigmentos que transforman cada d\u00eda en ChromaScape, los ritmos de cada persona se fusionaron para crear un resultado arm\u00f3nico y lleno de color.<\/p>\n<p><img fetchpriority=\"high\" decoding=\"async\" class=\"alignnone wp-image-10298 size-full\" src=\"https:\/\/ignasicorella.com\/wp-content\/uploads\/2025\/11\/tallers-de-percussio-per-al-benestar-emocional.webp\" alt=\"Tallers de percussi\u00f3 per al benestar emocional\" width=\"1577\" height=\"936\" srcset=\"https:\/\/ignasicorella.com\/wp-content\/uploads\/2025\/11\/tallers-de-percussio-per-al-benestar-emocional.webp 1577w, https:\/\/ignasicorella.com\/wp-content\/uploads\/2025\/11\/tallers-de-percussio-per-al-benestar-emocional-300x178.webp 300w, https:\/\/ignasicorella.com\/wp-content\/uploads\/2025\/11\/tallers-de-percussio-per-al-benestar-emocional-1024x608.webp 1024w, https:\/\/ignasicorella.com\/wp-content\/uploads\/2025\/11\/tallers-de-percussio-per-al-benestar-emocional-768x456.webp 768w, https:\/\/ignasicorella.com\/wp-content\/uploads\/2025\/11\/tallers-de-percussio-per-al-benestar-emocional-1536x912.webp 1536w\" sizes=\"(max-width: 1577px) 100vw, 1577px\" \/><\/p>\n<p>Fue una experiencia llena de energ\u00eda, conexi\u00f3n humana y profesionalidad.<br \/>\nQuiero dar las gracias de todo coraz\u00f3n a <a href=\"https:\/\/www.linkedin.com\/in\/montse-montoya-fuentes-a4593a51\/\" target=\"_blank\" rel=\"noopener\">Montse Montoya Fuentes<\/a> por hacerlo posible y a todo el equipo de <a href=\"https:\/\/chromascape.com\/\" target=\"_blank\" rel=\"noopener\">ChromaScape<\/a> por su implicaci\u00f3n, entusiasmo y apertura a explorar el ritmo desde una nueva perspectiva.<\/p>\n<h2>\u00bfC\u00f3mo medir el impacto de un taller de percusi\u00f3n?<\/h2>\n<p>Para demostrar el ROI de un taller, la empresa puede considerar los siguientes indicadores:<\/p>\n<ul>\n<li>Satisfacci\u00f3n de los participantes: realizar una encuesta despu\u00e9s del taller para saber qu\u00e9 ha funcionado, qu\u00e9 han aprendido y qu\u00e9 quieren repetir.<\/li>\n<li>Feedback cualitativo: recoger testimonios y frases clave que reflejen cambios en la confianza, la comunicaci\u00f3n o la cohesi\u00f3n.<\/li>\n<li>Seguimiento comportamental: ver si despu\u00e9s del taller se mantienen h\u00e1bitos como pausas de ritmo, momentos de reflexi\u00f3n en equipo o si mejora la colaboraci\u00f3n entre departamentos.<\/li>\n<li>Resultados de bienestar: medir si hay reducci\u00f3n de estr\u00e9s, burnout o mejor clima laboral mediante cuestionarios internos o consultor\u00eda de RR. HH.<\/li>\n<\/ul>\n<h2>Recomendaciones finales<\/h2>\n<p>Si est\u00e1s valorando organizar un taller de percusi\u00f3n para tu equipo, te recomiendo que consideres algunos puntos clave:<\/p>\n<ol>\n<li>Trabaja con un facilitador con experiencia y sensibilidad; yo, por ejemplo, adapto cada sesi\u00f3n a las necesidades reales y a los objetivos estrat\u00e9gicos de la empresa.<\/li>\n<li>No subestimes el poder de la reflexi\u00f3n postactividad: la conexi\u00f3n entre la experiencia musical y las din\u00e1micas de empresa es donde se encuentra el verdadero valor.<\/li>\n<li>Piensa en la continuidad: un solo taller puede ser transformador, pero si se repite o se integra en procesos internos, el impacto puede ser mucho m\u00e1s profundo.<\/li>\n<li>Comunica claramente a los participantes el prop\u00f3sito del taller: si se trata de team building, bienestar o creatividad, expresarlo desde el principio ayuda a reforzar la intenci\u00f3n y el impacto.<\/li>\n<\/ol>\n<p>En definitiva, los <strong>talleres percusi\u00f3n empresas<\/strong> no son solo una actividad divertida, sino una herramienta estrat\u00e9gica para reforzar la cultura corporativa, conectar personas, reducir el estr\u00e9s y generar nuevas maneras de comunicarse y colaborar. Si quieres explorar esta posibilidad, puedes ponerte en contacto conmigo y dise\u00f1aremos un programa a medida para tu organizaci\u00f3n.<\/p>\n","protected":false},"excerpt":{"rendered":"<p>Como Ignasi Corella, m\u00fasico y facilitador de ritmo, he trabajado con diversas organizaciones y empresas para llevar talleres de percusi\u00f3n que no solo son divertidos, sino tambi\u00e9n muy efectivos para el desarrollo de equipo, la motivaci\u00f3n y el bienestar. En este art\u00edculo te explico por qu\u00e9 apostar por talleres percusi\u00f3n empresas puede ser una de [&hellip;]<\/p>\n","protected":false},"author":2,"featured_media":10315,"comment_status":"closed","ping_status":"closed","sticky":false,"template":"","format":"standard","meta":{"inline_featured_image":false,"footnotes":""},"categories":[75],"tags":[86,101,76,77,79,90,91,83],"class_list":["post-10846","post","type-post","status-publish","format-standard","has-post-thumbnail","hentry","category-team-building-es","tag-actividades-de-ritmo","tag-bienestar","tag-bienestar-laboral","tag-cohesion-es","tag-empresa-es","tag-motivacion","tag-productividad","tag-talleres-de-ritmo"],"yoast_head":"<!-- This site is optimized with the Yoast SEO plugin v27.3 - https:\/\/yoast.com\/product\/yoast-seo-wordpress\/ -->\n<title>Talleres de percusi\u00f3n para empresas \u2013 team building y bienestar<\/title>\n<meta name=\"description\" content=\"Descubre c\u00f3mo los talleres de percusi\u00f3n para empresas pueden reforzar la cohesi\u00f3n del equipo, reducir el estr\u00e9s y fomentar la creatividad mediante el poder del ritmo\" \/>\n<meta name=\"robots\" content=\"index, follow, max-snippet:-1, max-image-preview:large, max-video-preview:-1\" \/>\n<link rel=\"canonical\" href=\"https:\/\/ignasicorella.com\/es\/talleres-de-percusion-para-empresas\/\" \/>\n<meta property=\"og:locale\" content=\"es_ES\" \/>\n<meta property=\"og:type\" content=\"article\" \/>\n<meta property=\"og:title\" content=\"Talleres de percusi\u00f3n para empresas \u2013 team building y bienestar\" \/>\n<meta property=\"og:description\" content=\"Descubre c\u00f3mo los talleres de percusi\u00f3n para empresas pueden reforzar la cohesi\u00f3n del equipo, reducir el estr\u00e9s y fomentar la creatividad mediante el poder del ritmo\" \/>\n<meta property=\"og:url\" content=\"https:\/\/ignasicorella.com\/es\/talleres-de-percusion-para-empresas\/\" \/>\n<meta property=\"og:site_name\" content=\"Ignasi Corella\" \/>\n<meta property=\"article:publisher\" content=\"https:\/\/www.facebook.com\/ignasi.corella\/\" \/>\n<meta property=\"article:author\" content=\"https:\/\/www.facebook.com\/ignasi.corella\/\" \/>\n<meta property=\"article:published_time\" content=\"2025-11-26T12:40:13+00:00\" \/>\n<meta property=\"article:modified_time\" content=\"2025-11-28T15:45:01+00:00\" \/>\n<meta property=\"og:image\" content=\"https:\/\/ignasicorella.com\/wp-content\/uploads\/2025\/11\/tallers-de-percussio-empreses.webp\" \/>\n\t<meta property=\"og:image:width\" content=\"1600\" \/>\n\t<meta property=\"og:image:height\" content=\"1200\" \/>\n\t<meta property=\"og:image:type\" content=\"image\/webp\" \/>\n<meta name=\"author\" content=\"Ignasi Corella\" \/>\n<meta name=\"twitter:card\" content=\"summary_large_image\" \/>\n<meta name=\"twitter:label1\" content=\"Escrito por\" \/>\n\t<meta name=\"twitter:data1\" content=\"Ignasi Corella\" \/>\n\t<meta name=\"twitter:label2\" content=\"Tiempo de lectura\" \/>\n\t<meta name=\"twitter:data2\" content=\"7 minutos\" \/>\n<script type=\"application\/ld+json\" class=\"yoast-schema-graph\">{\"@context\":\"https:\\\/\\\/schema.org\",\"@graph\":[{\"@type\":\"Article\",\"@id\":\"https:\\\/\\\/ignasicorella.com\\\/es\\\/talleres-de-percusion-para-empresas\\\/#article\",\"isPartOf\":{\"@id\":\"https:\\\/\\\/ignasicorella.com\\\/es\\\/talleres-de-percusion-para-empresas\\\/\"},\"author\":{\"name\":\"Ignasi Corella\",\"@id\":\"https:\\\/\\\/ignasicorella.com\\\/es\\\/#\\\/schema\\\/person\\\/7190514fe249f36f4a767ab5e1103b56\"},\"headline\":\"Talleres de percusi\u00f3n para empresas: una experiencia transformadora para equipos grandes\",\"datePublished\":\"2025-11-26T12:40:13+00:00\",\"dateModified\":\"2025-11-28T15:45:01+00:00\",\"mainEntityOfPage\":{\"@id\":\"https:\\\/\\\/ignasicorella.com\\\/es\\\/talleres-de-percusion-para-empresas\\\/\"},\"wordCount\":1480,\"publisher\":{\"@id\":\"https:\\\/\\\/ignasicorella.com\\\/es\\\/#organization\"},\"image\":{\"@id\":\"https:\\\/\\\/ignasicorella.com\\\/es\\\/talleres-de-percusion-para-empresas\\\/#primaryimage\"},\"thumbnailUrl\":\"https:\\\/\\\/ignasicorella.com\\\/wp-content\\\/uploads\\\/2025\\\/11\\\/tallers-de-percussio-empreses.webp\",\"keywords\":[\"actividades de ritmo\",\"bienestar\",\"bienestar laboral\",\"cohesi\u00f3n\",\"empresa\",\"motivaci\u00f3n\",\"productividad\",\"talleres de ritmo\"],\"articleSection\":[\"Team Building\"],\"inLanguage\":\"es\"},{\"@type\":\"WebPage\",\"@id\":\"https:\\\/\\\/ignasicorella.com\\\/es\\\/talleres-de-percusion-para-empresas\\\/\",\"url\":\"https:\\\/\\\/ignasicorella.com\\\/es\\\/talleres-de-percusion-para-empresas\\\/\",\"name\":\"Talleres de percusi\u00f3n para empresas \u2013 team building y bienestar\",\"isPartOf\":{\"@id\":\"https:\\\/\\\/ignasicorella.com\\\/es\\\/#website\"},\"primaryImageOfPage\":{\"@id\":\"https:\\\/\\\/ignasicorella.com\\\/es\\\/talleres-de-percusion-para-empresas\\\/#primaryimage\"},\"image\":{\"@id\":\"https:\\\/\\\/ignasicorella.com\\\/es\\\/talleres-de-percusion-para-empresas\\\/#primaryimage\"},\"thumbnailUrl\":\"https:\\\/\\\/ignasicorella.com\\\/wp-content\\\/uploads\\\/2025\\\/11\\\/tallers-de-percussio-empreses.webp\",\"datePublished\":\"2025-11-26T12:40:13+00:00\",\"dateModified\":\"2025-11-28T15:45:01+00:00\",\"description\":\"Descubre c\u00f3mo los talleres de percusi\u00f3n para empresas pueden reforzar la cohesi\u00f3n del equipo, reducir el estr\u00e9s y fomentar la creatividad mediante el poder del ritmo\",\"breadcrumb\":{\"@id\":\"https:\\\/\\\/ignasicorella.com\\\/es\\\/talleres-de-percusion-para-empresas\\\/#breadcrumb\"},\"inLanguage\":\"es\",\"potentialAction\":[{\"@type\":\"ReadAction\",\"target\":[\"https:\\\/\\\/ignasicorella.com\\\/es\\\/talleres-de-percusion-para-empresas\\\/\"]}]},{\"@type\":\"ImageObject\",\"inLanguage\":\"es\",\"@id\":\"https:\\\/\\\/ignasicorella.com\\\/es\\\/talleres-de-percusion-para-empresas\\\/#primaryimage\",\"url\":\"https:\\\/\\\/ignasicorella.com\\\/wp-content\\\/uploads\\\/2025\\\/11\\\/tallers-de-percussio-empreses.webp\",\"contentUrl\":\"https:\\\/\\\/ignasicorella.com\\\/wp-content\\\/uploads\\\/2025\\\/11\\\/tallers-de-percussio-empreses.webp\",\"width\":1600,\"height\":1200,\"caption\":\"Tallers de percussi\u00f3 per a empreses: una experi\u00e8ncia transformadora per a equips grans\"},{\"@type\":\"BreadcrumbList\",\"@id\":\"https:\\\/\\\/ignasicorella.com\\\/es\\\/talleres-de-percusion-para-empresas\\\/#breadcrumb\",\"itemListElement\":[{\"@type\":\"ListItem\",\"position\":1,\"name\":\"Inici\",\"item\":\"https:\\\/\\\/ignasicorella.com\\\/es\\\/\"},{\"@type\":\"ListItem\",\"position\":2,\"name\":\"Talleres de percusi\u00f3n para empresas: una experiencia transformadora para equipos grandes\"}]},{\"@type\":\"WebSite\",\"@id\":\"https:\\\/\\\/ignasicorella.com\\\/es\\\/#website\",\"url\":\"https:\\\/\\\/ignasicorella.com\\\/es\\\/\",\"name\":\"Ignasi Corella\",\"description\":\"Un m&oacute;n de ritmes\",\"publisher\":{\"@id\":\"https:\\\/\\\/ignasicorella.com\\\/es\\\/#organization\"},\"potentialAction\":[{\"@type\":\"SearchAction\",\"target\":{\"@type\":\"EntryPoint\",\"urlTemplate\":\"https:\\\/\\\/ignasicorella.com\\\/es\\\/?s={search_term_string}\"},\"query-input\":{\"@type\":\"PropertyValueSpecification\",\"valueRequired\":true,\"valueName\":\"search_term_string\"}}],\"inLanguage\":\"es\"},{\"@type\":\"Organization\",\"@id\":\"https:\\\/\\\/ignasicorella.com\\\/es\\\/#organization\",\"name\":\"Ignasi Corella\",\"url\":\"https:\\\/\\\/ignasicorella.com\\\/es\\\/\",\"logo\":{\"@type\":\"ImageObject\",\"inLanguage\":\"es\",\"@id\":\"https:\\\/\\\/ignasicorella.com\\\/es\\\/#\\\/schema\\\/logo\\\/image\\\/\",\"url\":\"https:\\\/\\\/ignasicorella.com\\\/wp-content\\\/uploads\\\/2022\\\/01\\\/logo-ignasi-corella-scaled-e1752857118657.png\",\"contentUrl\":\"https:\\\/\\\/ignasicorella.com\\\/wp-content\\\/uploads\\\/2022\\\/01\\\/logo-ignasi-corella-scaled-e1752857118657.png\",\"width\":2220,\"height\":823,\"caption\":\"Ignasi Corella\"},\"image\":{\"@id\":\"https:\\\/\\\/ignasicorella.com\\\/es\\\/#\\\/schema\\\/logo\\\/image\\\/\"},\"sameAs\":[\"https:\\\/\\\/www.facebook.com\\\/ignasi.corella\\\/\",\"https:\\\/\\\/www.instagram.com\\\/ignasi_corella\\\/\",\"https:\\\/\\\/www.linkedin.com\\\/in\\\/ignasi-corella-20932451\\\/\"]},{\"@type\":\"Person\",\"@id\":\"https:\\\/\\\/ignasicorella.com\\\/es\\\/#\\\/schema\\\/person\\\/7190514fe249f36f4a767ab5e1103b56\",\"name\":\"Ignasi Corella\",\"image\":{\"@type\":\"ImageObject\",\"inLanguage\":\"es\",\"@id\":\"https:\\\/\\\/ignasicorella.com\\\/wp-content\\\/litespeed\\\/avatar\\\/2fda2c345c917e185f3a6df5390c70db.jpg?ver=1777487232\",\"url\":\"https:\\\/\\\/ignasicorella.com\\\/wp-content\\\/litespeed\\\/avatar\\\/2fda2c345c917e185f3a6df5390c70db.jpg?ver=1777487232\",\"contentUrl\":\"https:\\\/\\\/ignasicorella.com\\\/wp-content\\\/litespeed\\\/avatar\\\/2fda2c345c917e185f3a6df5390c70db.jpg?ver=1777487232\",\"caption\":\"Ignasi Corella\"},\"sameAs\":[\"https:\\\/\\\/ignasicorella.com\\\/\",\"https:\\\/\\\/www.facebook.com\\\/ignasi.corella\\\/\",\"https:\\\/\\\/www.instagram.com\\\/ignasi_corella\\\/\",\"https:\\\/\\\/www.linkedin.com\\\/in\\\/ignasi-corella-20932451\\\/\",\"https:\\\/\\\/www.youtube.com\\\/channel\\\/UCeoCrPHqMGLVOTh1f-rjOgA\"],\"url\":\"https:\\\/\\\/ignasicorella.com\\\/es\\\/author\\\/ignasicorella\\\/\"}]}<\/script>\n<!-- \/ Yoast SEO plugin. -->","yoast_head_json":{"title":"Talleres de percusi\u00f3n para empresas \u2013 team building y bienestar","description":"Descubre c\u00f3mo los talleres de percusi\u00f3n para empresas pueden reforzar la cohesi\u00f3n del equipo, reducir el estr\u00e9s y fomentar la creatividad mediante el poder del ritmo","robots":{"index":"index","follow":"follow","max-snippet":"max-snippet:-1","max-image-preview":"max-image-preview:large","max-video-preview":"max-video-preview:-1"},"canonical":"https:\/\/ignasicorella.com\/es\/talleres-de-percusion-para-empresas\/","og_locale":"es_ES","og_type":"article","og_title":"Talleres de percusi\u00f3n para empresas \u2013 team building y bienestar","og_description":"Descubre c\u00f3mo los talleres de percusi\u00f3n para empresas pueden reforzar la cohesi\u00f3n del equipo, reducir el estr\u00e9s y fomentar la creatividad mediante el poder del ritmo","og_url":"https:\/\/ignasicorella.com\/es\/talleres-de-percusion-para-empresas\/","og_site_name":"Ignasi Corella","article_publisher":"https:\/\/www.facebook.com\/ignasi.corella\/","article_author":"https:\/\/www.facebook.com\/ignasi.corella\/","article_published_time":"2025-11-26T12:40:13+00:00","article_modified_time":"2025-11-28T15:45:01+00:00","og_image":[{"width":1600,"height":1200,"url":"https:\/\/ignasicorella.com\/wp-content\/uploads\/2025\/11\/tallers-de-percussio-empreses.webp","type":"image\/webp"}],"author":"Ignasi Corella","twitter_card":"summary_large_image","twitter_misc":{"Escrito por":"Ignasi Corella","Tiempo de lectura":"7 minutos"},"schema":{"@context":"https:\/\/schema.org","@graph":[{"@type":"Article","@id":"https:\/\/ignasicorella.com\/es\/talleres-de-percusion-para-empresas\/#article","isPartOf":{"@id":"https:\/\/ignasicorella.com\/es\/talleres-de-percusion-para-empresas\/"},"author":{"name":"Ignasi Corella","@id":"https:\/\/ignasicorella.com\/es\/#\/schema\/person\/7190514fe249f36f4a767ab5e1103b56"},"headline":"Talleres de percusi\u00f3n para empresas: una experiencia transformadora para equipos grandes","datePublished":"2025-11-26T12:40:13+00:00","dateModified":"2025-11-28T15:45:01+00:00","mainEntityOfPage":{"@id":"https:\/\/ignasicorella.com\/es\/talleres-de-percusion-para-empresas\/"},"wordCount":1480,"publisher":{"@id":"https:\/\/ignasicorella.com\/es\/#organization"},"image":{"@id":"https:\/\/ignasicorella.com\/es\/talleres-de-percusion-para-empresas\/#primaryimage"},"thumbnailUrl":"https:\/\/ignasicorella.com\/wp-content\/uploads\/2025\/11\/tallers-de-percussio-empreses.webp","keywords":["actividades de ritmo","bienestar","bienestar laboral","cohesi\u00f3n","empresa","motivaci\u00f3n","productividad","talleres de ritmo"],"articleSection":["Team Building"],"inLanguage":"es"},{"@type":"WebPage","@id":"https:\/\/ignasicorella.com\/es\/talleres-de-percusion-para-empresas\/","url":"https:\/\/ignasicorella.com\/es\/talleres-de-percusion-para-empresas\/","name":"Talleres de percusi\u00f3n para empresas \u2013 team building y bienestar","isPartOf":{"@id":"https:\/\/ignasicorella.com\/es\/#website"},"primaryImageOfPage":{"@id":"https:\/\/ignasicorella.com\/es\/talleres-de-percusion-para-empresas\/#primaryimage"},"image":{"@id":"https:\/\/ignasicorella.com\/es\/talleres-de-percusion-para-empresas\/#primaryimage"},"thumbnailUrl":"https:\/\/ignasicorella.com\/wp-content\/uploads\/2025\/11\/tallers-de-percussio-empreses.webp","datePublished":"2025-11-26T12:40:13+00:00","dateModified":"2025-11-28T15:45:01+00:00","description":"Descubre c\u00f3mo los talleres de percusi\u00f3n para empresas pueden reforzar la cohesi\u00f3n del equipo, reducir el estr\u00e9s y fomentar la creatividad mediante el poder del ritmo","breadcrumb":{"@id":"https:\/\/ignasicorella.com\/es\/talleres-de-percusion-para-empresas\/#breadcrumb"},"inLanguage":"es","potentialAction":[{"@type":"ReadAction","target":["https:\/\/ignasicorella.com\/es\/talleres-de-percusion-para-empresas\/"]}]},{"@type":"ImageObject","inLanguage":"es","@id":"https:\/\/ignasicorella.com\/es\/talleres-de-percusion-para-empresas\/#primaryimage","url":"https:\/\/ignasicorella.com\/wp-content\/uploads\/2025\/11\/tallers-de-percussio-empreses.webp","contentUrl":"https:\/\/ignasicorella.com\/wp-content\/uploads\/2025\/11\/tallers-de-percussio-empreses.webp","width":1600,"height":1200,"caption":"Tallers de percussi\u00f3 per a empreses: una experi\u00e8ncia transformadora per a equips grans"},{"@type":"BreadcrumbList","@id":"https:\/\/ignasicorella.com\/es\/talleres-de-percusion-para-empresas\/#breadcrumb","itemListElement":[{"@type":"ListItem","position":1,"name":"Inici","item":"https:\/\/ignasicorella.com\/es\/"},{"@type":"ListItem","position":2,"name":"Talleres de percusi\u00f3n para empresas: una experiencia transformadora para equipos grandes"}]},{"@type":"WebSite","@id":"https:\/\/ignasicorella.com\/es\/#website","url":"https:\/\/ignasicorella.com\/es\/","name":"Ignasi Corella","description":"Un m&oacute;n de ritmes","publisher":{"@id":"https:\/\/ignasicorella.com\/es\/#organization"},"potentialAction":[{"@type":"SearchAction","target":{"@type":"EntryPoint","urlTemplate":"https:\/\/ignasicorella.com\/es\/?s={search_term_string}"},"query-input":{"@type":"PropertyValueSpecification","valueRequired":true,"valueName":"search_term_string"}}],"inLanguage":"es"},{"@type":"Organization","@id":"https:\/\/ignasicorella.com\/es\/#organization","name":"Ignasi Corella","url":"https:\/\/ignasicorella.com\/es\/","logo":{"@type":"ImageObject","inLanguage":"es","@id":"https:\/\/ignasicorella.com\/es\/#\/schema\/logo\/image\/","url":"https:\/\/ignasicorella.com\/wp-content\/uploads\/2022\/01\/logo-ignasi-corella-scaled-e1752857118657.png","contentUrl":"https:\/\/ignasicorella.com\/wp-content\/uploads\/2022\/01\/logo-ignasi-corella-scaled-e1752857118657.png","width":2220,"height":823,"caption":"Ignasi Corella"},"image":{"@id":"https:\/\/ignasicorella.com\/es\/#\/schema\/logo\/image\/"},"sameAs":["https:\/\/www.facebook.com\/ignasi.corella\/","https:\/\/www.instagram.com\/ignasi_corella\/","https:\/\/www.linkedin.com\/in\/ignasi-corella-20932451\/"]},{"@type":"Person","@id":"https:\/\/ignasicorella.com\/es\/#\/schema\/person\/7190514fe249f36f4a767ab5e1103b56","name":"Ignasi Corella","image":{"@type":"ImageObject","inLanguage":"es","@id":"https:\/\/ignasicorella.com\/wp-content\/litespeed\/avatar\/2fda2c345c917e185f3a6df5390c70db.jpg?ver=1777487232","url":"https:\/\/ignasicorella.com\/wp-content\/litespeed\/avatar\/2fda2c345c917e185f3a6df5390c70db.jpg?ver=1777487232","contentUrl":"https:\/\/ignasicorella.com\/wp-content\/litespeed\/avatar\/2fda2c345c917e185f3a6df5390c70db.jpg?ver=1777487232","caption":"Ignasi Corella"},"sameAs":["https:\/\/ignasicorella.com\/","https:\/\/www.facebook.com\/ignasi.corella\/","https:\/\/www.instagram.com\/ignasi_corella\/","https:\/\/www.linkedin.com\/in\/ignasi-corella-20932451\/","https:\/\/www.youtube.com\/channel\/UCeoCrPHqMGLVOTh1f-rjOgA"],"url":"https:\/\/ignasicorella.com\/es\/author\/ignasicorella\/"}]}},"_links":{"self":[{"href":"https:\/\/ignasicorella.com\/es\/wp-json\/wp\/v2\/posts\/10846","targetHints":{"allow":["GET"]}}],"collection":[{"href":"https:\/\/ignasicorella.com\/es\/wp-json\/wp\/v2\/posts"}],"about":[{"href":"https:\/\/ignasicorella.com\/es\/wp-json\/wp\/v2\/types\/post"}],"author":[{"embeddable":true,"href":"https:\/\/ignasicorella.com\/es\/wp-json\/wp\/v2\/users\/2"}],"replies":[{"embeddable":true,"href":"https:\/\/ignasicorella.com\/es\/wp-json\/wp\/v2\/comments?post=10846"}],"version-history":[{"count":3,"href":"https:\/\/ignasicorella.com\/es\/wp-json\/wp\/v2\/posts\/10846\/revisions"}],"predecessor-version":[{"id":10852,"href":"https:\/\/ignasicorella.com\/es\/wp-json\/wp\/v2\/posts\/10846\/revisions\/10852"}],"wp:featuredmedia":[{"embeddable":true,"href":"https:\/\/ignasicorella.com\/es\/wp-json\/wp\/v2\/media\/10315"}],"wp:attachment":[{"href":"https:\/\/ignasicorella.com\/es\/wp-json\/wp\/v2\/media?parent=10846"}],"wp:term":[{"taxonomy":"category","embeddable":true,"href":"https:\/\/ignasicorella.com\/es\/wp-json\/wp\/v2\/categories?post=10846"},{"taxonomy":"post_tag","embeddable":true,"href":"https:\/\/ignasicorella.com\/es\/wp-json\/wp\/v2\/tags?post=10846"}],"curies":[{"name":"wp","href":"https:\/\/api.w.org\/{rel}","templated":true}]}}